{"id":78101,"date":"2025-07-09T10:02:35","date_gmt":"2025-07-09T09:02:35","guid":{"rendered":"https:\/\/reedmackay.com\/5-key-ways-to-reduce-the-carbon-footprint-of-corporate-travel"},"modified":"2025-08-01T13:12:47","modified_gmt":"2025-08-01T12:12:47","slug":"5-key-ways-to-reduce-the-carbon-footprint-of-corporate-travel","status":"publish","type":"post","link":"https:\/\/reedmackay.com\/sv\/5-key-ways-to-reduce-the-carbon-footprint-of-corporate-travel","title":{"rendered":"S\u00e5 minskar du klimatp\u00e5verkan fr\u00e5n aff\u00e4rsresor \u2013 5 konkreta tips"},"content":{"rendered":"\n<p>Allt fler f\u00f6retag prioriterar h\u00e5llbarhet \u2013 och d\u00e5 \u00e4r det viktigt att se \u00f6ver hur aff\u00e4rsresorna p\u00e5verkar klimatet. Genom att resa mer medvetet kan organisationer inte bara minska sina utsl\u00e4pp, utan ocks\u00e5 spara pengar och jobba mer effektivt.<br><br>H\u00e4r kommer fem konkreta s\u00e4tt att g\u00f6ra aff\u00e4rsresandet mer h\u00e5llbart.<\/p>\n\n\n\n<h2 class=\"wp-block-heading\">1. <strong>Ber\u00e4kna utsl\u00e4ppen fr\u00e5n dina tj\u00e4nsteresor<\/strong><\/h2>\n\n\n\n<p>Innan du kan minska utsl\u00e4ppen m\u00e5ste du veta var du st\u00e5r. Att ber\u00e4kna ditt fotavtryck fr\u00e5n aff\u00e4rsresor ger en tydlig utg\u00e5ngspunkt och hj\u00e4lper dig att identifiera de omr\u00e5den som beh\u00f6ver mest uppm\u00e4rksamhet.<\/p>\n\n\n\n<p>Reed &amp; Mackay samarbetar med&nbsp;<a href=\"https:\/\/www.clarasight.com\/\"><strong>Clarasight<\/strong><\/a>&nbsp;och&nbsp;<a href=\"https:\/\/www.squake.earth\/\"><strong>SQUAKE<\/strong><\/a>&nbsp;f\u00f6r att tillhandah\u00e5lla korrekt data f\u00f6r att m\u00e4ta koldioxidavtrycket fr\u00e5n deras kunders reseprogram. Genom att f\u00f6rst\u00e5 ditt nuvarande fotavtryck kan du skapa realistiska m\u00e5l, utveckla en handlingsplan och f\u00f6lja upp planen och m\u00e5len \u00f6ver tid.<br><\/p>\n\n\n\n<h2 class=\"wp-block-heading\">2. <strong><strong>Skapa rutiner f\u00f6r att v\u00e4lja klimatsmarta transporter<\/strong><\/strong><\/h2>\n\n\n\n<p><a href=\"https:\/\/wikis.ec.europa.eu\/spaces\/NAITDOC\/pages\/50106184\/Sustainable+means+of+transport+green+travel\">Att till\u00e4mpa klimatsmarta strategier hj\u00e4lper f\u00f6retaget att v\u00e4lja resealternativ med en l\u00e5g klimatp\u00e5verkan<\/a> &#8211; oavsett om det handlar om dagliga pendlingsresor, kundm\u00f6ten eller internationella tj\u00e4nsteresor. Syftet \u00e4r att minska on\u00f6diga resor och fasa in mer milj\u00f6v\u00e4nliga s\u00e4tt att ta sig fram. Det kan till exempel inneb\u00e4ra att uppmuntra kollektivtrafik, t\u00e5gresor och elbilar, samtidigt som man drar ner p\u00e5 anv\u00e4ndningen av privatbil och korta flygresor<\/p>\n\n\n\n<p>Ett enkelt men effektivt val kan ocks\u00e5 vara att resa i ekonomiklass i st\u00e4llet f\u00f6r business \u2013 det ger mindre utsl\u00e4pp per person. \u00c4ven om varje f\u00f6retags plan ser olika ut \u00e4r m\u00e5let att minska on\u00f6diga resor och att v\u00e4lja mer h\u00e5llbara transporter.<\/p>\n\n\n\n<figure class=\"wp-block-image size-large\"><img fetchpriority=\"high\" decoding=\"async\" width=\"1024\" height=\"806\" src=\"https:\/\/reedmackay.com\/wp-content\/uploads\/2024\/08\/SAF-Article-1024x806.jpg\" alt=\"\" class=\"wp-image-59207\" srcset=\"https:\/\/reedmackay.com\/wp-content\/uploads\/2024\/08\/SAF-Article-1024x806.jpg 1024w, https:\/\/reedmackay.com\/wp-content\/uploads\/2024\/08\/SAF-Article-300x236.jpg 300w, https:\/\/reedmackay.com\/wp-content\/uploads\/2024\/08\/SAF-Article-768x604.jpg 768w, https:\/\/reedmackay.com\/wp-content\/uploads\/2024\/08\/SAF-Article.jpg 1080w\" sizes=\"(max-width: 1024px) 100vw, 1024px\" \/><figcaption class=\"wp-element-caption\">Att v\u00e4lja ekonomiklass \u00e4r oftast b\u00e4ttre f\u00f6r milj\u00f6n<\/figcaption><\/figure>\n\n\n\n<h2 class=\"wp-block-heading\">3. <strong>Prioritera resor i ekonomiklass<\/strong><\/h2>\n\n\n\n<p>Flyg \u00e4r en av de st\u00f6rsta bidragande orsakerna till utsl\u00e4ppen fr\u00e5n aff\u00e4rsresor.&nbsp;<a href=\"https:\/\/www.statista.com\/statistics\/1407316\/carbon-footprint-of-air-travel-per-kilometer-by-class-uk\/\"><strong>S\u00e4tena i f\u00f6rsta klass och business class st\u00e5r f\u00f6r en st\u00f6rre andel av koldioxidutsl\u00e4ppen \u00e4n ekonomiklass.<\/strong><\/a>&nbsp;Detta beror p\u00e5 det st\u00f6rre utrymmet, extra tj\u00e4nster och att det \u00e4r till\u00e5tet med tyngre bagage.<\/p>\n\n\n\n<p>Ett praktiskt s\u00e4tt att minska utsl\u00e4ppen \u00e4r att g\u00f6ra ekonomiklass till standard f\u00f6r alla aff\u00e4rsresor. F\u00f6r att f\u00f6rst\u00e4rka detta kan man inf\u00f6ra en godk\u00e4nnandeprocess f\u00f6r alla bokningar i h\u00f6gre klasser, vilket bidrar till att minska antalet on\u00f6diga uppgraderingar. Det gynnar inte bara milj\u00f6n utan st\u00f6djer ocks\u00e5 ett r\u00e4ttvist, policystyrt beslutsfattande i hela organisationen. Det uppmuntrar resen\u00e4rerna att fundera \u00f6ver om premiumalternativ verkligen beh\u00f6vs och g\u00f6r koldioxidmedvetna resebeslut till en del av den dagliga verksamheten.<br><\/p>\n\n\n\n<h2 class=\"wp-block-heading\">4. <strong>V\u00e4lj h\u00e5llbara leverant\u00f6rer<\/strong><\/h2>\n\n\n\n<p>Alla flygbolag, hotell och biluthyrningsfirmor har inte samma milj\u00f6p\u00e5verkan. Att v\u00e4lja h\u00e5llbara leverant\u00f6rer \u00e4r ett enkelt men effektivt s\u00e4tt att minska fotavtrycket fr\u00e5n ditt resande. F\u00f6r flygresor b\u00f6r du bed\u00f6ma utsl\u00e4ppen per rutt och operat\u00f6r och v\u00e4lja flygbolag som investerar i&nbsp;<a href=\"https:\/\/reedmackay.com\/sustainable-aviation-fuel-all-you-need-to-know\"><strong>h\u00e5llbart flygbr\u00e4nsle (SAF)<\/strong><\/a>&nbsp;och erbjuder alternativ f\u00f6r klimatkompensation.<\/p>\n\n\n\n<p>Samma princip g\u00e4ller f\u00f6r boende.&nbsp;<a href=\"https:\/\/sustainablehospitalityalliance.org\/wp-content\/uploads\/2021\/06\/Certifications-factsheet.pdf\"><strong>V\u00e4lj hotell med milj\u00f6certifieringar<\/strong><\/a>&nbsp;och ansvarsfull hantering av avfall, vatten och energi. M\u00e5nga hotellgrupper publicerar nu uppgifter om h\u00e5llbarhet. Genom att skapa en lista \u00f6ver de leverant\u00f6rer som ska prioriteras baserat p\u00e5 verifierad data kan ditt f\u00f6retag minska utsl\u00e4ppen och st\u00f6dja f\u00f6retag som aktivt arbetar f\u00f6r att minska sin milj\u00f6p\u00e5verkan.<br><\/p>\n\n\n\n<h2 class=\"wp-block-heading\">5. <strong>V\u00e4lj transportalternativ med l\u00e5ga koldioxidutsl\u00e4pp<\/strong><\/h2>\n\n\n\n<p>T\u00e5gresor och elfordon \u00e4r mer h\u00e5llbara alternativ f\u00f6r inrikesresor. T\u00e5gresor \u00e4r upp till&nbsp;<a href=\"https:\/\/www.raildeliverygroup.com\/?view=article&amp;id=469776947#:~:text=Train%20vs%20plane:%20carbon%20emission,the%20Air:%20Train%20vs%20Plane.\"><strong>17 g\u00e5nger gr\u00f6nare<\/strong><\/a>&nbsp;\u00e4n flygresor n\u00e4r det g\u00e4ller aff\u00e4rsreso.&nbsp;<a href=\"https:\/\/www.nationalrail.co.uk\/greener\/\"><strong>Och en genomsnittlig t\u00e5gresa ger n\u00e4stan fem g\u00e5nger mindre koldioxidutsl\u00e4pp i luften \u00e4n att g\u00f6ra resan med bil.<\/strong><\/a><\/p>\n\n\n\n<p>V\u00e4lj el- eller hybridfordon n\u00e4r du m\u00e5ste \u00e5ka bil. F\u00f6r resor i st\u00e4der b\u00f6r du anv\u00e4nda kollektivtrafikalternativ eftersom det minskar tr\u00e4ngsel och utsl\u00e4pp.<\/p>\n\n\n\n<p>Genom att uppmuntra och skapa tydlighet i f\u00f6retagets resepolicy kan f\u00f6retagen g\u00f6ra h\u00e5llbara val rutinm\u00e4ssigt, vilket bidrar till att minska deras milj\u00f6p\u00e5verkan.<\/p>\n\n\n\n<p><\/p>\n\n\n\n<p><strong>Vill du veta mer om hur du kan minska klimatp\u00e5verkan i ert f\u00f6retagsresande<\/strong>?<\/p>\n\n\n\n<h3 class=\"wp-block-heading\"><a href=\"https:\/\/reedmackay.com\/sv\/kontakt\"><strong>Kontakta oss<\/strong><\/a><\/h3>\n\n\n\n<p>Mejla oss p\u00e5 <a href=\"mailto:kontakt@reedmackay.com\">kontakt@reedmackay.com<\/a> f\u00f6r att f\u00e5 veta mer om hur vi kan hj\u00e4lpa er med era f\u00f6retagsresor, m\u00f6ten och konferenser.<\/p>\n\n\n\n<p><\/p>\n","protected":false},"excerpt":{"rendered":"<p>Allt fler f\u00f6retag prioriterar h\u00e5llbarhet \u2013 och d\u00e5 \u00e4r det viktigt att se \u00f6ver hur aff\u00e4rsresorna p\u00e5verkar klimatet. Genom att resa mer medvetet kan organisationer inte bara minska sina utsl\u00e4pp, utan ocks\u00e5 spara pengar och jobba mer effektivt. H\u00e4r kommer fem konkreta s\u00e4tt att g\u00f6ra aff\u00e4rsresandet mer h\u00e5llbart. 1. Ber\u00e4kna utsl\u00e4ppen fr\u00e5n dina tj\u00e4nsteresor Innan&hellip;&nbsp;<a href=\"https:\/\/reedmackay.com\/sv\/5-key-ways-to-reduce-the-carbon-footprint-of-corporate-travel\" rel=\"bookmark\">L\u00e4s mer &raquo;<span class=\"screen-reader-text\">S\u00e5 minskar du klimatp\u00e5verkan fr\u00e5n aff\u00e4rsresor \u2013 5 konkreta tips<\/span><\/a><\/p>\n","protected":false},"author":19,"featured_media":42405,"comment_status":"closed","ping_status":"open","sticky":false,"template":"","format":"standard","meta":{"neve_meta_sidebar":"","neve_meta_container":"","neve_meta_enable_content_width":"","neve_meta_content_width":0,"neve_meta_title_alignment":"","neve_meta_author_avatar":"","neve_post_elements_order":"","neve_meta_disable_header":"","neve_meta_disable_footer":"","neve_meta_disable_title":"","footnotes":""},"categories":[183,250],"tags":[953,939,670,239],"class_list":["post-78101","post","type-post","status-publish","format-standard","has-post-thumbnail","hentry","category-artiklar-sv","category-nyheter-sv","tag-affarsresor-sv","tag-foretagsresor","tag-konferens","tag-sustainability-sv"],"yoast_head":"<!-- This site is optimized with the Yoast SEO plugin v27.5 - https:\/\/yoast.com\/product\/yoast-seo-wordpress\/ -->\n<title>S\u00e5 minskar du klimatp\u00e5verkan fr\u00e5n aff\u00e4rsresor \u2013 5 konkreta tips | Reed &amp; Mackay<\/title>\n<meta name=\"description\" content=\"Uppt\u00e4ck 5 s\u00e4tt f\u00f6r f\u00f6retag att g\u00f6ra aff\u00e4rsresor mer h\u00e5llbara, minska klimatp\u00e5verkan och samtidigt spara pengar och \u00f6ka effektiviteten.\" \/>\n<meta name=\"robots\" content=\"index, follow, max-snippet:-1, max-image-preview:large, max-video-preview:-1\" \/>\n<link rel=\"canonical\" href=\"https:\/\/reedmackay.com\/sv\/5-key-ways-to-reduce-the-carbon-footprint-of-corporate-travel\" \/>\n<meta property=\"og:locale\" content=\"sv_SE\" \/>\n<meta property=\"og:type\" content=\"article\" \/>\n<meta property=\"og:title\" content=\"S\u00e5 minskar du klimatp\u00e5verkan fr\u00e5n aff\u00e4rsresor \u2013 5 konkreta tips | Reed &amp; Mackay\" \/>\n<meta property=\"og:description\" content=\"Uppt\u00e4ck 5 s\u00e4tt f\u00f6r f\u00f6retag att g\u00f6ra aff\u00e4rsresor mer h\u00e5llbara, minska klimatp\u00e5verkan och samtidigt spara pengar och \u00f6ka effektiviteten.\" \/>\n<meta property=\"og:url\" content=\"https:\/\/reedmackay.com\/sv\/5-key-ways-to-reduce-the-carbon-footprint-of-corporate-travel\" \/>\n<meta property=\"og:site_name\" content=\"Reed &amp; Mackay\" \/>\n<meta property=\"article:published_time\" content=\"2025-07-09T09:02:35+00:00\" \/>\n<meta property=\"article:modified_time\" content=\"2025-08-01T12:12:47+00:00\" \/>\n<meta property=\"og:image\" content=\"https:\/\/reedmackay.com\/wp-content\/uploads\/2024\/03\/Why-were-serious-about-sustainability-in-business-travel-events.jpg\" \/>\n\t<meta property=\"og:image:width\" content=\"1080\" \/>\n\t<meta property=\"og:image:height\" content=\"850\" \/>\n\t<meta property=\"og:image:type\" content=\"image\/jpeg\" \/>\n<meta name=\"author\" content=\"Stephanie Seigle\" \/>\n<meta name=\"twitter:card\" content=\"summary_large_image\" \/>\n<meta name=\"twitter:label1\" content=\"Skriven av\" \/>\n\t<meta name=\"twitter:data1\" content=\"Stephanie Seigle\" \/>\n\t<meta name=\"twitter:label2\" content=\"Ber\u00e4knad l\u00e4stid\" \/>\n\t<meta name=\"twitter:data2\" content=\"4 minuter\" \/>\n<script type=\"application\/ld+json\" class=\"yoast-schema-graph\">{\"@context\":\"https:\\\/\\\/schema.org\",\"@graph\":[{\"@type\":\"Article\",\"@id\":\"https:\\\/\\\/reedmackay.com\\\/sv\\\/5-key-ways-to-reduce-the-carbon-footprint-of-corporate-travel#article\",\"isPartOf\":{\"@id\":\"https:\\\/\\\/reedmackay.com\\\/sv\\\/5-key-ways-to-reduce-the-carbon-footprint-of-corporate-travel\"},\"author\":{\"name\":\"Stephanie Seigle\",\"@id\":\"https:\\\/\\\/reedmackay.com\\\/sv#\\\/schema\\\/person\\\/2e1fa8a9c9e38acac7c6fbb9f61f1fc6\"},\"headline\":\"S\u00e5 minskar du klimatp\u00e5verkan fr\u00e5n aff\u00e4rsresor \u2013 5 konkreta tips\",\"datePublished\":\"2025-07-09T09:02:35+00:00\",\"dateModified\":\"2025-08-01T12:12:47+00:00\",\"mainEntityOfPage\":{\"@id\":\"https:\\\/\\\/reedmackay.com\\\/sv\\\/5-key-ways-to-reduce-the-carbon-footprint-of-corporate-travel\"},\"wordCount\":795,\"publisher\":{\"@id\":\"https:\\\/\\\/reedmackay.com\\\/sv#organization\"},\"image\":{\"@id\":\"https:\\\/\\\/reedmackay.com\\\/sv\\\/5-key-ways-to-reduce-the-carbon-footprint-of-corporate-travel#primaryimage\"},\"thumbnailUrl\":\"https:\\\/\\\/reedmackay.com\\\/wp-content\\\/uploads\\\/2024\\\/03\\\/Why-were-serious-about-sustainability-in-business-travel-events.jpg\",\"keywords\":[\"Aff\u00e4rsresor\",\"F\u00f6retagsresor\",\"Konferens\",\"Sustainability\"],\"articleSection\":[\"Artiklar\",\"Nyheter\"],\"inLanguage\":\"sv-SE\"},{\"@type\":\"WebPage\",\"@id\":\"https:\\\/\\\/reedmackay.com\\\/sv\\\/5-key-ways-to-reduce-the-carbon-footprint-of-corporate-travel\",\"url\":\"https:\\\/\\\/reedmackay.com\\\/sv\\\/5-key-ways-to-reduce-the-carbon-footprint-of-corporate-travel\",\"name\":\"S\u00e5 minskar du klimatp\u00e5verkan fr\u00e5n aff\u00e4rsresor \u2013 5 konkreta tips | Reed &amp; Mackay\",\"isPartOf\":{\"@id\":\"https:\\\/\\\/reedmackay.com\\\/sv#website\"},\"primaryImageOfPage\":{\"@id\":\"https:\\\/\\\/reedmackay.com\\\/sv\\\/5-key-ways-to-reduce-the-carbon-footprint-of-corporate-travel#primaryimage\"},\"image\":{\"@id\":\"https:\\\/\\\/reedmackay.com\\\/sv\\\/5-key-ways-to-reduce-the-carbon-footprint-of-corporate-travel#primaryimage\"},\"thumbnailUrl\":\"https:\\\/\\\/reedmackay.com\\\/wp-content\\\/uploads\\\/2024\\\/03\\\/Why-were-serious-about-sustainability-in-business-travel-events.jpg\",\"datePublished\":\"2025-07-09T09:02:35+00:00\",\"dateModified\":\"2025-08-01T12:12:47+00:00\",\"description\":\"Uppt\u00e4ck 5 s\u00e4tt f\u00f6r f\u00f6retag att g\u00f6ra aff\u00e4rsresor mer h\u00e5llbara, minska klimatp\u00e5verkan och samtidigt spara pengar och \u00f6ka effektiviteten.\",\"breadcrumb\":{\"@id\":\"https:\\\/\\\/reedmackay.com\\\/sv\\\/5-key-ways-to-reduce-the-carbon-footprint-of-corporate-travel#breadcrumb\"},\"inLanguage\":\"sv-SE\",\"potentialAction\":[{\"@type\":\"ReadAction\",\"target\":[\"https:\\\/\\\/reedmackay.com\\\/sv\\\/5-key-ways-to-reduce-the-carbon-footprint-of-corporate-travel\"]}]},{\"@type\":\"ImageObject\",\"inLanguage\":\"sv-SE\",\"@id\":\"https:\\\/\\\/reedmackay.com\\\/sv\\\/5-key-ways-to-reduce-the-carbon-footprint-of-corporate-travel#primaryimage\",\"url\":\"https:\\\/\\\/reedmackay.com\\\/wp-content\\\/uploads\\\/2024\\\/03\\\/Why-were-serious-about-sustainability-in-business-travel-events.jpg\",\"contentUrl\":\"https:\\\/\\\/reedmackay.com\\\/wp-content\\\/uploads\\\/2024\\\/03\\\/Why-were-serious-about-sustainability-in-business-travel-events.jpg\",\"width\":1080,\"height\":850},{\"@type\":\"BreadcrumbList\",\"@id\":\"https:\\\/\\\/reedmackay.com\\\/sv\\\/5-key-ways-to-reduce-the-carbon-footprint-of-corporate-travel#breadcrumb\",\"itemListElement\":[{\"@type\":\"ListItem\",\"position\":1,\"name\":\"Home\",\"item\":\"https:\\\/\\\/reedmackay.com\\\/sv\"},{\"@type\":\"ListItem\",\"position\":2,\"name\":\"S\u00e5 minskar du klimatp\u00e5verkan fr\u00e5n aff\u00e4rsresor \u2013 5 konkreta tips\"}]},{\"@type\":\"WebSite\",\"@id\":\"https:\\\/\\\/reedmackay.com\\\/sv#website\",\"url\":\"https:\\\/\\\/reedmackay.com\\\/sv\",\"name\":\"Reed & Mackay\",\"description\":\"Reed and Mackay Travel and Events Management\",\"publisher\":{\"@id\":\"https:\\\/\\\/reedmackay.com\\\/sv#organization\"},\"potentialAction\":[{\"@type\":\"SearchAction\",\"target\":{\"@type\":\"EntryPoint\",\"urlTemplate\":\"https:\\\/\\\/reedmackay.com\\\/sv?s={search_term_string}\"},\"query-input\":{\"@type\":\"PropertyValueSpecification\",\"valueRequired\":true,\"valueName\":\"search_term_string\"}}],\"inLanguage\":\"sv-SE\"},{\"@type\":\"Organization\",\"@id\":\"https:\\\/\\\/reedmackay.com\\\/sv#organization\",\"name\":\"Reed & Mackay\",\"url\":\"https:\\\/\\\/reedmackay.com\\\/sv\",\"logo\":{\"@type\":\"ImageObject\",\"inLanguage\":\"sv-SE\",\"@id\":\"https:\\\/\\\/reedmackay.com\\\/sv#\\\/schema\\\/logo\\\/image\\\/\",\"url\":\"https:\\\/\\\/reedmackay.com\\\/wp-content\\\/uploads\\\/2023\\\/07\\\/RM-Horz-Logo-Colour@2x.png\",\"contentUrl\":\"https:\\\/\\\/reedmackay.com\\\/wp-content\\\/uploads\\\/2023\\\/07\\\/RM-Horz-Logo-Colour@2x.png\",\"width\":2107,\"height\":411,\"caption\":\"Reed & Mackay\"},\"image\":{\"@id\":\"https:\\\/\\\/reedmackay.com\\\/sv#\\\/schema\\\/logo\\\/image\\\/\"}},{\"@type\":\"Person\",\"@id\":\"https:\\\/\\\/reedmackay.com\\\/sv#\\\/schema\\\/person\\\/2e1fa8a9c9e38acac7c6fbb9f61f1fc6\",\"name\":\"Stephanie Seigle\",\"image\":{\"@type\":\"ImageObject\",\"inLanguage\":\"sv-SE\",\"@id\":\"https:\\\/\\\/secure.gravatar.com\\\/avatar\\\/235ea6e146d51764e7330757cfe3886f26e6994e67c29d2c69f6a77cfabc8bd2?s=96&d=mm&r=g\",\"url\":\"https:\\\/\\\/secure.gravatar.com\\\/avatar\\\/235ea6e146d51764e7330757cfe3886f26e6994e67c29d2c69f6a77cfabc8bd2?s=96&d=mm&r=g\",\"contentUrl\":\"https:\\\/\\\/secure.gravatar.com\\\/avatar\\\/235ea6e146d51764e7330757cfe3886f26e6994e67c29d2c69f6a77cfabc8bd2?s=96&d=mm&r=g\",\"caption\":\"Stephanie Seigle\"},\"url\":\"https:\\\/\\\/reedmackay.com\\\/sv\\\/author\\\/steph\"}]}<\/script>\n<!-- \/ Yoast SEO plugin. -->","yoast_head_json":{"title":"S\u00e5 minskar du klimatp\u00e5verkan fr\u00e5n aff\u00e4rsresor \u2013 5 konkreta tips | Reed &amp; Mackay","description":"Uppt\u00e4ck 5 s\u00e4tt f\u00f6r f\u00f6retag att g\u00f6ra aff\u00e4rsresor mer h\u00e5llbara, minska klimatp\u00e5verkan och samtidigt spara pengar och \u00f6ka effektiviteten.","robots":{"index":"index","follow":"follow","max-snippet":"max-snippet:-1","max-image-preview":"max-image-preview:large","max-video-preview":"max-video-preview:-1"},"canonical":"https:\/\/reedmackay.com\/sv\/5-key-ways-to-reduce-the-carbon-footprint-of-corporate-travel","og_locale":"sv_SE","og_type":"article","og_title":"S\u00e5 minskar du klimatp\u00e5verkan fr\u00e5n aff\u00e4rsresor \u2013 5 konkreta tips | Reed &amp; Mackay","og_description":"Uppt\u00e4ck 5 s\u00e4tt f\u00f6r f\u00f6retag att g\u00f6ra aff\u00e4rsresor mer h\u00e5llbara, minska klimatp\u00e5verkan och samtidigt spara pengar och \u00f6ka effektiviteten.","og_url":"https:\/\/reedmackay.com\/sv\/5-key-ways-to-reduce-the-carbon-footprint-of-corporate-travel","og_site_name":"Reed &amp; Mackay","article_published_time":"2025-07-09T09:02:35+00:00","article_modified_time":"2025-08-01T12:12:47+00:00","og_image":[{"width":1080,"height":850,"url":"https:\/\/reedmackay.com\/wp-content\/uploads\/2024\/03\/Why-were-serious-about-sustainability-in-business-travel-events.jpg","type":"image\/jpeg"}],"author":"Stephanie Seigle","twitter_card":"summary_large_image","twitter_misc":{"Skriven av":"Stephanie Seigle","Ber\u00e4knad l\u00e4stid":"4 minuter"},"schema":{"@context":"https:\/\/schema.org","@graph":[{"@type":"Article","@id":"https:\/\/reedmackay.com\/sv\/5-key-ways-to-reduce-the-carbon-footprint-of-corporate-travel#article","isPartOf":{"@id":"https:\/\/reedmackay.com\/sv\/5-key-ways-to-reduce-the-carbon-footprint-of-corporate-travel"},"author":{"name":"Stephanie Seigle","@id":"https:\/\/reedmackay.com\/sv#\/schema\/person\/2e1fa8a9c9e38acac7c6fbb9f61f1fc6"},"headline":"S\u00e5 minskar du klimatp\u00e5verkan fr\u00e5n aff\u00e4rsresor \u2013 5 konkreta tips","datePublished":"2025-07-09T09:02:35+00:00","dateModified":"2025-08-01T12:12:47+00:00","mainEntityOfPage":{"@id":"https:\/\/reedmackay.com\/sv\/5-key-ways-to-reduce-the-carbon-footprint-of-corporate-travel"},"wordCount":795,"publisher":{"@id":"https:\/\/reedmackay.com\/sv#organization"},"image":{"@id":"https:\/\/reedmackay.com\/sv\/5-key-ways-to-reduce-the-carbon-footprint-of-corporate-travel#primaryimage"},"thumbnailUrl":"https:\/\/reedmackay.com\/wp-content\/uploads\/2024\/03\/Why-were-serious-about-sustainability-in-business-travel-events.jpg","keywords":["Aff\u00e4rsresor","F\u00f6retagsresor","Konferens","Sustainability"],"articleSection":["Artiklar","Nyheter"],"inLanguage":"sv-SE"},{"@type":"WebPage","@id":"https:\/\/reedmackay.com\/sv\/5-key-ways-to-reduce-the-carbon-footprint-of-corporate-travel","url":"https:\/\/reedmackay.com\/sv\/5-key-ways-to-reduce-the-carbon-footprint-of-corporate-travel","name":"S\u00e5 minskar du klimatp\u00e5verkan fr\u00e5n aff\u00e4rsresor \u2013 5 konkreta tips | Reed &amp; Mackay","isPartOf":{"@id":"https:\/\/reedmackay.com\/sv#website"},"primaryImageOfPage":{"@id":"https:\/\/reedmackay.com\/sv\/5-key-ways-to-reduce-the-carbon-footprint-of-corporate-travel#primaryimage"},"image":{"@id":"https:\/\/reedmackay.com\/sv\/5-key-ways-to-reduce-the-carbon-footprint-of-corporate-travel#primaryimage"},"thumbnailUrl":"https:\/\/reedmackay.com\/wp-content\/uploads\/2024\/03\/Why-were-serious-about-sustainability-in-business-travel-events.jpg","datePublished":"2025-07-09T09:02:35+00:00","dateModified":"2025-08-01T12:12:47+00:00","description":"Uppt\u00e4ck 5 s\u00e4tt f\u00f6r f\u00f6retag att g\u00f6ra aff\u00e4rsresor mer h\u00e5llbara, minska klimatp\u00e5verkan och samtidigt spara pengar och \u00f6ka effektiviteten.","breadcrumb":{"@id":"https:\/\/reedmackay.com\/sv\/5-key-ways-to-reduce-the-carbon-footprint-of-corporate-travel#breadcrumb"},"inLanguage":"sv-SE","potentialAction":[{"@type":"ReadAction","target":["https:\/\/reedmackay.com\/sv\/5-key-ways-to-reduce-the-carbon-footprint-of-corporate-travel"]}]},{"@type":"ImageObject","inLanguage":"sv-SE","@id":"https:\/\/reedmackay.com\/sv\/5-key-ways-to-reduce-the-carbon-footprint-of-corporate-travel#primaryimage","url":"https:\/\/reedmackay.com\/wp-content\/uploads\/2024\/03\/Why-were-serious-about-sustainability-in-business-travel-events.jpg","contentUrl":"https:\/\/reedmackay.com\/wp-content\/uploads\/2024\/03\/Why-were-serious-about-sustainability-in-business-travel-events.jpg","width":1080,"height":850},{"@type":"BreadcrumbList","@id":"https:\/\/reedmackay.com\/sv\/5-key-ways-to-reduce-the-carbon-footprint-of-corporate-travel#breadcrumb","itemListElement":[{"@type":"ListItem","position":1,"name":"Home","item":"https:\/\/reedmackay.com\/sv"},{"@type":"ListItem","position":2,"name":"S\u00e5 minskar du klimatp\u00e5verkan fr\u00e5n aff\u00e4rsresor \u2013 5 konkreta tips"}]},{"@type":"WebSite","@id":"https:\/\/reedmackay.com\/sv#website","url":"https:\/\/reedmackay.com\/sv","name":"Reed & Mackay","description":"Reed and Mackay Travel and Events Management","publisher":{"@id":"https:\/\/reedmackay.com\/sv#organization"},"potentialAction":[{"@type":"SearchAction","target":{"@type":"EntryPoint","urlTemplate":"https:\/\/reedmackay.com\/sv?s={search_term_string}"},"query-input":{"@type":"PropertyValueSpecification","valueRequired":true,"valueName":"search_term_string"}}],"inLanguage":"sv-SE"},{"@type":"Organization","@id":"https:\/\/reedmackay.com\/sv#organization","name":"Reed & Mackay","url":"https:\/\/reedmackay.com\/sv","logo":{"@type":"ImageObject","inLanguage":"sv-SE","@id":"https:\/\/reedmackay.com\/sv#\/schema\/logo\/image\/","url":"https:\/\/reedmackay.com\/wp-content\/uploads\/2023\/07\/RM-Horz-Logo-Colour@2x.png","contentUrl":"https:\/\/reedmackay.com\/wp-content\/uploads\/2023\/07\/RM-Horz-Logo-Colour@2x.png","width":2107,"height":411,"caption":"Reed & Mackay"},"image":{"@id":"https:\/\/reedmackay.com\/sv#\/schema\/logo\/image\/"}},{"@type":"Person","@id":"https:\/\/reedmackay.com\/sv#\/schema\/person\/2e1fa8a9c9e38acac7c6fbb9f61f1fc6","name":"Stephanie Seigle","image":{"@type":"ImageObject","inLanguage":"sv-SE","@id":"https:\/\/secure.gravatar.com\/avatar\/235ea6e146d51764e7330757cfe3886f26e6994e67c29d2c69f6a77cfabc8bd2?s=96&d=mm&r=g","url":"https:\/\/secure.gravatar.com\/avatar\/235ea6e146d51764e7330757cfe3886f26e6994e67c29d2c69f6a77cfabc8bd2?s=96&d=mm&r=g","contentUrl":"https:\/\/secure.gravatar.com\/avatar\/235ea6e146d51764e7330757cfe3886f26e6994e67c29d2c69f6a77cfabc8bd2?s=96&d=mm&r=g","caption":"Stephanie Seigle"},"url":"https:\/\/reedmackay.com\/sv\/author\/steph"}]}},"publishpress_future_workflow_manual_trigger":{"enabledWorkflows":[]},"_links":{"self":[{"href":"https:\/\/reedmackay.com\/sv\/wp-json\/wp\/v2\/posts\/78101","targetHints":{"allow":["GET"]}}],"collection":[{"href":"https:\/\/reedmackay.com\/sv\/wp-json\/wp\/v2\/posts"}],"about":[{"href":"https:\/\/reedmackay.com\/sv\/wp-json\/wp\/v2\/types\/post"}],"author":[{"embeddable":true,"href":"https:\/\/reedmackay.com\/sv\/wp-json\/wp\/v2\/users\/19"}],"replies":[{"embeddable":true,"href":"https:\/\/reedmackay.com\/sv\/wp-json\/wp\/v2\/comments?post=78101"}],"version-history":[{"count":0,"href":"https:\/\/reedmackay.com\/sv\/wp-json\/wp\/v2\/posts\/78101\/revisions"}],"wp:featuredmedia":[{"embeddable":true,"href":"https:\/\/reedmackay.com\/sv\/wp-json\/wp\/v2\/media\/42405"}],"wp:attachment":[{"href":"https:\/\/reedmackay.com\/sv\/wp-json\/wp\/v2\/media?parent=78101"}],"wp:term":[{"taxonomy":"category","embeddable":true,"href":"https:\/\/reedmackay.com\/sv\/wp-json\/wp\/v2\/categories?post=78101"},{"taxonomy":"post_tag","embeddable":true,"href":"https:\/\/reedmackay.com\/sv\/wp-json\/wp\/v2\/tags?post=78101"}],"curies":[{"name":"wp","href":"https:\/\/api.w.org\/{rel}","templated":true}]}}